{"id":915,"date":"2022-12-19T12:57:23","date_gmt":"2022-12-19T11:57:23","guid":{"rendered":"https:\/\/www.zollas.de\/?p=915"},"modified":"2022-12-19T12:57:26","modified_gmt":"2022-12-19T11:57:26","slug":"aus-frederick-staehli-wird-zollas-verzollungen-schweiz-gmbh","status":"publish","type":"post","link":"https:\/\/www.zollas.de\/en\/aus-frederick-staehli-wird-zollas-verzollungen-schweiz-gmbh\/","title":{"rendered":"Zollas Verzollungen \u00fcbernimmt Frederick &#038; St\u00e4hli"},"content":{"rendered":"\n<p class=\"has-text-align-center\"><strong>Das bedeutet f\u00fcr Sie: Ab Januar k\u00fcrzere Kommunikationswege f\u00fcr unsere Kunden in der Schweiz<\/strong><\/p>\n\n\n\n<p>Effektivit\u00e4t ohne Grenzen \u2013 ab sofort auch am Grenz\u00fcbergang Konstanz\/Kreuzlingen. Durch die \u00dcbernahme von Frederick &amp; St\u00e4hli ist es uns ab sofort m\u00f6glich, Ihre Sendungen in und aus der Schweiz noch schneller abzufertigen. Damit k\u00f6nnen wir Ihnen ab sofort auch dort volle Neutralit\u00e4t, direkte Ansprechpartner und Kundenschutz garantieren. Ein schneller, zuverl\u00e4ssiger und auf Ihre Bed\u00fcrfnisse angepasster Service durch langj\u00e4hrige Schweizer Mitarbeiterinnen f\u00fchrt zu mehr Sicherheit im Umgang mit Zoll- und Steuerbeh\u00f6rden.<\/p>\n\n\n\n<p><em>\u201eWir sehen die \u00dcbernahme als wichtigen Baustein in unserem Bestreben die Zollabwicklung f\u00fcr Schweizer Unternehmen zu erleichtern. Au\u00dferdem sind wir uns sicher damit unsere Marktposition nachhaltig auszubauen und als familiengef\u00fchrtes Unternehmen den gro\u00dfen Konzernen die Stirn bieten zu k\u00f6nnen\u201c, so eine der drei Gesch\u00e4ftsf\u00fchrerinnen der Zollas Verzollungen Schweiz GmbH, Iris Porzig-Erny.<\/em><\/p>\n\n\n\n<p>Konstanz\/Kreuzlingen ist einer der strategisch bestgelegenen deutschen Grenz\u00fcberg\u00e4nge zur Schweiz. Das langj\u00e4hrige und von Kunden gesch\u00e4tzte Team von Frederick &amp; St\u00e4hli freut sich darauf, weiterhin mit den bekannten und nat\u00fcrlich auch vielen neuen Kunden zusammen zu arbeiten!<\/p>\n\n\n\n<p><em>\u201eIch bin \u00fcberzeugt davon, eine optimale neue Heimat f\u00fcr meine Mitarbeiterinnen gefunden zu haben und freue mich sehr, dass mein Team vollst\u00e4ndig bestehen bleibt. Ich w\u00fcnsche der Zollas Schweiz einen guten Start und eine erfolgreiche Zukunft!\u201c \u2013 Alex St\u00e4hli, Firmengr\u00fcnder.<\/em><\/p>\n\n\n\n<p><strong>\u00dcber die Zollas Verzollungen GmbH:<\/strong><\/p>\n\n\n\n<p>Die Zollas Verzollungen GmbH wurde 1987 gegr\u00fcndet und ist heute das f\u00fchrende Familienunternehmen am Hauptsitz an der Grenze Bietingen\/Thayngen.<\/p>\n\n\n\n<p><strong>\u00dcber Frederick &amp; St\u00e4hli:<\/strong><\/p>\n\n\n\n<p>Das Team von Frederick &amp; St\u00e4hli besitzt seit 1994 einen hervorragenden Ruf in der effizienten Zollabwicklung am Grenz\u00fcbergang Kreuzlingen\/Konstanz.<\/p>\n","protected":false},"excerpt":{"rendered":"<p>Das bedeutet f\u00fcr Sie: Ab Januar k\u00fcrzere Kommunikationswege f\u00fcr unsere Kunden in der Schweiz Effektivit\u00e4t ohne Grenzen \u2013 ab sofort auch am Grenz\u00fcbergang Konstanz\/Kreuzlingen. Durch die \u00dcbernahme von Frederick &amp; St\u00e4hli ist es uns ab sofort m\u00f6glich, Ihre Sendungen in und aus der Schweiz noch schneller abzufertigen. Damit k\u00f6nnen wir Ihnen ab sofort auch dort volle Neutralit\u00e4t, direkte Ansprechpartner und Kundenschutz garantieren. Ein schneller, zuverl\u00e4ssiger und auf Ihre Bed\u00fcrfnisse angepasster Service durch langj\u00e4hrige Schweizer Mitarbeiterinnen&#8230;  <\/p>\n<div class=\"read-more\"><a class=\"excerpt-read-more\" href=\"https:\/\/www.zollas.de\/en\/aus-frederick-staehli-wird-zollas-verzollungen-schweiz-gmbh\/\" title=\"Continue reading Zollas Verzollungen \u00fcbernimmt Frederick &#038; St\u00e4hli\">Read more<i class=\"fa fa-angle-right\"><\/i><\/a><\/div>\n","protected":false},"author":2,"featured_media":0,"comment_status":"closed","ping_status":"closed","sticky":false,"template":"","format":"standard","meta":{"inline_featured_image":false,"footnotes":""},"categories":[1],"tags":[],"yoast_head":"<!-- This site is optimized with the Yoast SEO plugin v21.4 - https:\/\/yoast.com\/wordpress\/plugins\/seo\/ -->\n<title>Zollas Verzollungen \u00fcbernimmt Frederick &amp; St\u00e4hli - Zollas Verzollungen GmbH %Zollagentur %Grenz\u00fcbergang Kreuzlingen<\/title>\n<meta name=\"description\" content=\"Das langj\u00e4hrige Team bleibt vollst\u00e4ndig bestehen\" \/>\n<meta name=\"robots\" content=\"index, follow, max-snippet:-1, max-image-preview:large, max-video-preview:-1\" \/>\n<link rel=\"canonical\" href=\"https:\/\/www.zollas.de\/pl\/aus-frederick-staehli-wird-zollas-verzollungen-schweiz-gmbh\/\" \/>\n<meta property=\"og:locale\" content=\"en_US\" \/>\n<meta property=\"og:type\" content=\"article\" \/>\n<meta property=\"og:title\" content=\"Zollas Verzollungen \u00fcbernimmt Frederick &amp; St\u00e4hli - Zollas Verzollungen GmbH %Zollagentur %Grenz\u00fcbergang Kreuzlingen\" \/>\n<meta property=\"og:description\" content=\"Das langj\u00e4hrige Team bleibt vollst\u00e4ndig bestehen\" \/>\n<meta property=\"og:url\" content=\"https:\/\/www.zollas.de\/pl\/aus-frederick-staehli-wird-zollas-verzollungen-schweiz-gmbh\/\" \/>\n<meta property=\"og:site_name\" content=\"Zollas Verzollungen GmbH\" \/>\n<meta property=\"article:published_time\" content=\"2022-12-19T11:57:23+00:00\" \/>\n<meta property=\"article:modified_time\" content=\"2022-12-19T11:57:26+00:00\" \/>\n<meta name=\"author\" content=\"Zollas\" \/>\n<meta name=\"twitter:card\" content=\"summary_large_image\" \/>\n<meta name=\"twitter:label1\" content=\"Written by\" \/>\n\t<meta name=\"twitter:data1\" content=\"Zollas\" \/>\n\t<meta name=\"twitter:label2\" content=\"Est. reading time\" \/>\n\t<meta name=\"twitter:data2\" content=\"2 minutes\" \/>\n<script type=\"application\/ld+json\" class=\"yoast-schema-graph\">{\"@context\":\"https:\/\/schema.org\",\"@graph\":[{\"@type\":\"WebPage\",\"@id\":\"https:\/\/www.zollas.de\/pl\/aus-frederick-staehli-wird-zollas-verzollungen-schweiz-gmbh\/\",\"url\":\"https:\/\/www.zollas.de\/pl\/aus-frederick-staehli-wird-zollas-verzollungen-schweiz-gmbh\/\",\"name\":\"Zollas Verzollungen \u00fcbernimmt Frederick & St\u00e4hli - Zollas Verzollungen GmbH %Zollagentur %Grenz\u00fcbergang Kreuzlingen\",\"isPartOf\":{\"@id\":\"https:\/\/www.zollas.de\/pl\/#website\"},\"datePublished\":\"2022-12-19T11:57:23+00:00\",\"dateModified\":\"2022-12-19T11:57:26+00:00\",\"author\":{\"@id\":\"https:\/\/www.zollas.de\/pl\/#\/schema\/person\/60dc4551a2b69958e1b5dd473bf290cb\"},\"description\":\"Das langj\u00e4hrige Team bleibt vollst\u00e4ndig bestehen\",\"breadcrumb\":{\"@id\":\"https:\/\/www.zollas.de\/pl\/aus-frederick-staehli-wird-zollas-verzollungen-schweiz-gmbh\/#breadcrumb\"},\"inLanguage\":\"en-US\",\"potentialAction\":[{\"@type\":\"ReadAction\",\"target\":[\"https:\/\/www.zollas.de\/pl\/aus-frederick-staehli-wird-zollas-verzollungen-schweiz-gmbh\/\"]}]},{\"@type\":\"BreadcrumbList\",\"@id\":\"https:\/\/www.zollas.de\/pl\/aus-frederick-staehli-wird-zollas-verzollungen-schweiz-gmbh\/#breadcrumb\",\"itemListElement\":[{\"@type\":\"ListItem\",\"position\":1,\"name\":\"Home\",\"item\":\"https:\/\/www.zollas.de\/en\/\"},{\"@type\":\"ListItem\",\"position\":2,\"name\":\"Zollas Verzollungen \u00fcbernimmt Frederick &#038; St\u00e4hli\"}]},{\"@type\":\"WebSite\",\"@id\":\"https:\/\/www.zollas.de\/pl\/#website\",\"url\":\"https:\/\/www.zollas.de\/pl\/\",\"name\":\"Zollas Verzollungen GmbH\",\"description\":\"\",\"potentialAction\":[{\"@type\":\"SearchAction\",\"target\":{\"@type\":\"EntryPoint\",\"urlTemplate\":\"https:\/\/www.zollas.de\/pl\/?s={search_term_string}\"},\"query-input\":\"required name=search_term_string\"}],\"inLanguage\":\"en-US\"},{\"@type\":\"Person\",\"@id\":\"https:\/\/www.zollas.de\/pl\/#\/schema\/person\/60dc4551a2b69958e1b5dd473bf290cb\",\"name\":\"Zollas\"}]}<\/script>\n<!-- \/ Yoast SEO plugin. -->","yoast_head_json":{"title":"Zollas Verzollungen \u00fcbernimmt Frederick & St\u00e4hli - Zollas Verzollungen GmbH %Zollagentur %Grenz\u00fcbergang Kreuzlingen","description":"Das langj\u00e4hrige Team bleibt vollst\u00e4ndig bestehen","robots":{"index":"index","follow":"follow","max-snippet":"max-snippet:-1","max-image-preview":"max-image-preview:large","max-video-preview":"max-video-preview:-1"},"canonical":"https:\/\/www.zollas.de\/pl\/aus-frederick-staehli-wird-zollas-verzollungen-schweiz-gmbh\/","og_locale":"en_US","og_type":"article","og_title":"Zollas Verzollungen \u00fcbernimmt Frederick & St\u00e4hli - Zollas Verzollungen GmbH %Zollagentur %Grenz\u00fcbergang Kreuzlingen","og_description":"Das langj\u00e4hrige Team bleibt vollst\u00e4ndig bestehen","og_url":"https:\/\/www.zollas.de\/pl\/aus-frederick-staehli-wird-zollas-verzollungen-schweiz-gmbh\/","og_site_name":"Zollas Verzollungen GmbH","article_published_time":"2022-12-19T11:57:23+00:00","article_modified_time":"2022-12-19T11:57:26+00:00","author":"Zollas","twitter_card":"summary_large_image","twitter_misc":{"Written by":"Zollas","Est. reading time":"2 minutes"},"schema":{"@context":"https:\/\/schema.org","@graph":[{"@type":"WebPage","@id":"https:\/\/www.zollas.de\/pl\/aus-frederick-staehli-wird-zollas-verzollungen-schweiz-gmbh\/","url":"https:\/\/www.zollas.de\/pl\/aus-frederick-staehli-wird-zollas-verzollungen-schweiz-gmbh\/","name":"Zollas Verzollungen \u00fcbernimmt Frederick & St\u00e4hli - Zollas Verzollungen GmbH %Zollagentur %Grenz\u00fcbergang Kreuzlingen","isPartOf":{"@id":"https:\/\/www.zollas.de\/pl\/#website"},"datePublished":"2022-12-19T11:57:23+00:00","dateModified":"2022-12-19T11:57:26+00:00","author":{"@id":"https:\/\/www.zollas.de\/pl\/#\/schema\/person\/60dc4551a2b69958e1b5dd473bf290cb"},"description":"Das langj\u00e4hrige Team bleibt vollst\u00e4ndig bestehen","breadcrumb":{"@id":"https:\/\/www.zollas.de\/pl\/aus-frederick-staehli-wird-zollas-verzollungen-schweiz-gmbh\/#breadcrumb"},"inLanguage":"en-US","potentialAction":[{"@type":"ReadAction","target":["https:\/\/www.zollas.de\/pl\/aus-frederick-staehli-wird-zollas-verzollungen-schweiz-gmbh\/"]}]},{"@type":"BreadcrumbList","@id":"https:\/\/www.zollas.de\/pl\/aus-frederick-staehli-wird-zollas-verzollungen-schweiz-gmbh\/#breadcrumb","itemListElement":[{"@type":"ListItem","position":1,"name":"Home","item":"https:\/\/www.zollas.de\/en\/"},{"@type":"ListItem","position":2,"name":"Zollas Verzollungen \u00fcbernimmt Frederick &#038; St\u00e4hli"}]},{"@type":"WebSite","@id":"https:\/\/www.zollas.de\/pl\/#website","url":"https:\/\/www.zollas.de\/pl\/","name":"Zollas Verzollungen GmbH","description":"","potentialAction":[{"@type":"SearchAction","target":{"@type":"EntryPoint","urlTemplate":"https:\/\/www.zollas.de\/pl\/?s={search_term_string}"},"query-input":"required name=search_term_string"}],"inLanguage":"en-US"},{"@type":"Person","@id":"https:\/\/www.zollas.de\/pl\/#\/schema\/person\/60dc4551a2b69958e1b5dd473bf290cb","name":"Zollas"}]}},"_links":{"self":[{"href":"https:\/\/www.zollas.de\/en\/wp-json\/wp\/v2\/posts\/915"}],"collection":[{"href":"https:\/\/www.zollas.de\/en\/wp-json\/wp\/v2\/posts"}],"about":[{"href":"https:\/\/www.zollas.de\/en\/wp-json\/wp\/v2\/types\/post"}],"author":[{"embeddable":true,"href":"https:\/\/www.zollas.de\/en\/wp-json\/wp\/v2\/users\/2"}],"replies":[{"embeddable":true,"href":"https:\/\/www.zollas.de\/en\/wp-json\/wp\/v2\/comments?post=915"}],"version-history":[{"count":2,"href":"https:\/\/www.zollas.de\/en\/wp-json\/wp\/v2\/posts\/915\/revisions"}],"predecessor-version":[{"id":917,"href":"https:\/\/www.zollas.de\/en\/wp-json\/wp\/v2\/posts\/915\/revisions\/917"}],"wp:attachment":[{"href":"https:\/\/www.zollas.de\/en\/wp-json\/wp\/v2\/media?parent=915"}],"wp:term":[{"taxonomy":"category","embeddable":true,"href":"https:\/\/www.zollas.de\/en\/wp-json\/wp\/v2\/categories?post=915"},{"taxonomy":"post_tag","embeddable":true,"href":"https:\/\/www.zollas.de\/en\/wp-json\/wp\/v2\/tags?post=915"}],"curies":[{"name":"wp","href":"https:\/\/api.w.org\/{rel}","templated":true}]}}