{"id":493,"date":"2017-02-03T13:37:34","date_gmt":"2017-02-03T12:37:34","guid":{"rendered":"https:\/\/www.zollas.de\/pl\/?p=493"},"modified":"2017-02-03T13:37:34","modified_gmt":"2017-02-03T12:37:34","slug":"die-zollas-verzollungen-gmbh-feiert-ihr-30-jaehriges-jubilaeum","status":"publish","type":"post","link":"https:\/\/www.zollas.de\/pl\/die-zollas-verzollungen-gmbh-feiert-ihr-30-jaehriges-jubilaeum\/","title":{"rendered":"Die Zollas Verzollungen GmbH feiert ihr 30-j\u00e4hriges Jubil\u00e4um"},"content":{"rendered":"<h4 style=\"text-align: justify;\"><strong>2017 wird die Zollas Verzollungen GmbH 30 Jahre jung und blickt als erfolgreichstes Familienunternehmen am Grenz\u00fcbergang Bietingen\/Thayngen auf eine lange und erfolgreiche Firmengeschichte zur\u00fcck.<\/strong><\/h4>\n<p>Firmengr\u00fcnder Max Porzig hat genau den richtigen Riecher, als er 1987 die Gunst der Stunde nutzt um am Ende der neu ausgebauten A81 Stuttgart-Schaffhausen ein neues Zollb\u00fcro zu er\u00f6ffnen. Der Grenz\u00fcbergang Basel\/Weil-Autobahn ist zu diesem Zeitpunkt v\u00f6llig \u00fcberlastet, kilometerlange Staus und endlose Wartezeiten geh\u00f6rten f\u00fcr die Speditionen zur Tagesordnung. Die Zollas-Familie ist der erste Mieter im  alten Zollamt Bietingen und damit immer ganz nah dran am Geschehen.<\/p>\n<p>Mitgr\u00fcnderin Sylvia Porzig blickt zur\u00fcck: \u201eDamals hatten wir nicht immer geglaubt, dass es uns in 30 Jahren noch geben wird. Die Zollrisiken, der harte Konkurrenzkampf \u2013 wir w\u00fcnschten uns oft, der Tag h\u00e4tte mehr als 24 Stunden\u201c. Auch Max Porzig h\u00e4lt fest: \u201eMorgens um 4 stand ich bereits inmitten der LKW-Reihe am Zoll und habe Papiere entgegen genommen. Abends sa\u00df ich oft bis tief in die Nacht an meinem Schreibtisch und habe deklariert. An Schlaf war fast nicht zu denken.\u201c<\/p>\n<p>Die m\u00fchevolle Arbeit zahlt sich aus, die Geschichte der Zollas Verzollungen ist eine  Erfolgsgeschichte! In den kommenden Jahren bauten Sylvia und Max Porzig den Kundenstamm immer weiter aus, ein \u201egeht nicht\u201c gab und gibt es nicht. 2008 trotzten sie der Wirtschaftskrise und er\u00f6ffneten die Niederlassung Geisingen.<\/p>\n<p>Heute z\u00e4hlt die Zollas Verzollungen 18 Mitarbeiter und weit \u00fcber 5.000 zufriedene Kunden. Wir m\u00f6chten unser Jubil\u00e4umsjahr nutzen uns bei Ihnen herzlich f\u00fcr das entgegen gebrachte Vertrauen zu bedanken. Freuen Sie sich in diesem Jahr auf viele Aktionen. Feiern Sie unseren 30. Geburtstag mit uns, feiern Sie 30 Jahre Effektivit\u00e4t ohne Grenzen!<\/p>\n<p>Ihre Familie Porzig<\/p>\n","protected":false},"excerpt":{"rendered":"<p>2017 wird die Zollas Verzollungen GmbH 30 Jahre jung und blickt als erfolgreichstes Familienunternehmen am Grenz\u00fcbergang Bietingen\/Thayngen auf eine lange und erfolgreiche Firmengeschichte zur\u00fcck.<\/p>\n","protected":false},"author":1,"featured_media":0,"comment_status":"closed","ping_status":"closed","sticky":false,"template":"","format":"standard","meta":{"inline_featured_image":false,"footnotes":""},"categories":[4],"tags":[],"yoast_head":"<!-- This site is optimized with the Yoast SEO plugin v21.4 - https:\/\/yoast.com\/wordpress\/plugins\/seo\/ -->\n<title>Die Zollas Verzollungen GmbH feiert ihr 30-j\u00e4hriges Jubil\u00e4um - Zollas Verzollungen GmbH<\/title>\n<meta name=\"robots\" content=\"index, follow, max-snippet:-1, max-image-preview:large, max-video-preview:-1\" \/>\n<link rel=\"canonical\" href=\"https:\/\/www.zollas.de\/pl\/die-zollas-verzollungen-gmbh-feiert-ihr-30-jaehriges-jubilaeum\/\" \/>\n<meta property=\"og:locale\" content=\"pl_PL\" \/>\n<meta property=\"og:type\" content=\"article\" \/>\n<meta property=\"og:title\" content=\"Die Zollas Verzollungen GmbH feiert ihr 30-j\u00e4hriges Jubil\u00e4um - Zollas Verzollungen GmbH\" \/>\n<meta property=\"og:description\" content=\"2017 wird die Zollas Verzollungen GmbH 30 Jahre jung und blickt als erfolgreichstes Familienunternehmen am Grenz\u00fcbergang Bietingen\/Thayngen auf eine lange und erfolgreiche Firmengeschichte zur\u00fcck.\" \/>\n<meta property=\"og:url\" content=\"https:\/\/www.zollas.de\/pl\/die-zollas-verzollungen-gmbh-feiert-ihr-30-jaehriges-jubilaeum\/\" \/>\n<meta property=\"og:site_name\" content=\"Zollas Verzollungen GmbH\" \/>\n<meta property=\"article:published_time\" content=\"2017-02-03T12:37:34+00:00\" \/>\n<meta name=\"author\" content=\"Katharina\" \/>\n<meta name=\"twitter:card\" content=\"summary_large_image\" \/>\n<meta name=\"twitter:label1\" content=\"Napisane przez\" \/>\n\t<meta name=\"twitter:data1\" content=\"Katharina\" \/>\n\t<meta name=\"twitter:label2\" content=\"Szacowany czas czytania\" \/>\n\t<meta name=\"twitter:data2\" content=\"1 minuta\" \/>\n<script type=\"application\/ld+json\" class=\"yoast-schema-graph\">{\"@context\":\"https:\/\/schema.org\",\"@graph\":[{\"@type\":\"WebPage\",\"@id\":\"https:\/\/www.zollas.de\/pl\/die-zollas-verzollungen-gmbh-feiert-ihr-30-jaehriges-jubilaeum\/\",\"url\":\"https:\/\/www.zollas.de\/pl\/die-zollas-verzollungen-gmbh-feiert-ihr-30-jaehriges-jubilaeum\/\",\"name\":\"Die Zollas Verzollungen GmbH feiert ihr 30-j\u00e4hriges Jubil\u00e4um - Zollas Verzollungen GmbH\",\"isPartOf\":{\"@id\":\"https:\/\/www.zollas.de\/pl\/#website\"},\"datePublished\":\"2017-02-03T12:37:34+00:00\",\"dateModified\":\"2017-02-03T12:37:34+00:00\",\"author\":{\"@id\":\"https:\/\/www.zollas.de\/pl\/#\/schema\/person\/9b4595c41bf7b388afce7952f5a28e7b\"},\"breadcrumb\":{\"@id\":\"https:\/\/www.zollas.de\/pl\/die-zollas-verzollungen-gmbh-feiert-ihr-30-jaehriges-jubilaeum\/#breadcrumb\"},\"inLanguage\":\"pl-PL\",\"potentialAction\":[{\"@type\":\"ReadAction\",\"target\":[\"https:\/\/www.zollas.de\/pl\/die-zollas-verzollungen-gmbh-feiert-ihr-30-jaehriges-jubilaeum\/\"]}]},{\"@type\":\"BreadcrumbList\",\"@id\":\"https:\/\/www.zollas.de\/pl\/die-zollas-verzollungen-gmbh-feiert-ihr-30-jaehriges-jubilaeum\/#breadcrumb\",\"itemListElement\":[{\"@type\":\"ListItem\",\"position\":1,\"name\":\"Home\",\"item\":\"https:\/\/www.zollas.de\/pl\/\"},{\"@type\":\"ListItem\",\"position\":2,\"name\":\"Die Zollas Verzollungen GmbH feiert ihr 30-j\u00e4hriges Jubil\u00e4um\"}]},{\"@type\":\"WebSite\",\"@id\":\"https:\/\/www.zollas.de\/pl\/#website\",\"url\":\"https:\/\/www.zollas.de\/pl\/\",\"name\":\"Zollas Verzollungen GmbH\",\"description\":\"\",\"potentialAction\":[{\"@type\":\"SearchAction\",\"target\":{\"@type\":\"EntryPoint\",\"urlTemplate\":\"https:\/\/www.zollas.de\/pl\/?s={search_term_string}\"},\"query-input\":\"required name=search_term_string\"}],\"inLanguage\":\"pl-PL\"},{\"@type\":\"Person\",\"@id\":\"https:\/\/www.zollas.de\/pl\/#\/schema\/person\/9b4595c41bf7b388afce7952f5a28e7b\",\"name\":\"Katharina\"}]}<\/script>\n<!-- \/ Yoast SEO plugin. -->","yoast_head_json":{"title":"Die Zollas Verzollungen GmbH feiert ihr 30-j\u00e4hriges Jubil\u00e4um - Zollas Verzollungen GmbH","robots":{"index":"index","follow":"follow","max-snippet":"max-snippet:-1","max-image-preview":"max-image-preview:large","max-video-preview":"max-video-preview:-1"},"canonical":"https:\/\/www.zollas.de\/pl\/die-zollas-verzollungen-gmbh-feiert-ihr-30-jaehriges-jubilaeum\/","og_locale":"pl_PL","og_type":"article","og_title":"Die Zollas Verzollungen GmbH feiert ihr 30-j\u00e4hriges Jubil\u00e4um - Zollas Verzollungen GmbH","og_description":"2017 wird die Zollas Verzollungen GmbH 30 Jahre jung und blickt als erfolgreichstes Familienunternehmen am Grenz\u00fcbergang Bietingen\/Thayngen auf eine lange und erfolgreiche Firmengeschichte zur\u00fcck.","og_url":"https:\/\/www.zollas.de\/pl\/die-zollas-verzollungen-gmbh-feiert-ihr-30-jaehriges-jubilaeum\/","og_site_name":"Zollas Verzollungen GmbH","article_published_time":"2017-02-03T12:37:34+00:00","author":"Katharina","twitter_card":"summary_large_image","twitter_misc":{"Napisane przez":"Katharina","Szacowany czas czytania":"1 minuta"},"schema":{"@context":"https:\/\/schema.org","@graph":[{"@type":"WebPage","@id":"https:\/\/www.zollas.de\/pl\/die-zollas-verzollungen-gmbh-feiert-ihr-30-jaehriges-jubilaeum\/","url":"https:\/\/www.zollas.de\/pl\/die-zollas-verzollungen-gmbh-feiert-ihr-30-jaehriges-jubilaeum\/","name":"Die Zollas Verzollungen GmbH feiert ihr 30-j\u00e4hriges Jubil\u00e4um - Zollas Verzollungen GmbH","isPartOf":{"@id":"https:\/\/www.zollas.de\/pl\/#website"},"datePublished":"2017-02-03T12:37:34+00:00","dateModified":"2017-02-03T12:37:34+00:00","author":{"@id":"https:\/\/www.zollas.de\/pl\/#\/schema\/person\/9b4595c41bf7b388afce7952f5a28e7b"},"breadcrumb":{"@id":"https:\/\/www.zollas.de\/pl\/die-zollas-verzollungen-gmbh-feiert-ihr-30-jaehriges-jubilaeum\/#breadcrumb"},"inLanguage":"pl-PL","potentialAction":[{"@type":"ReadAction","target":["https:\/\/www.zollas.de\/pl\/die-zollas-verzollungen-gmbh-feiert-ihr-30-jaehriges-jubilaeum\/"]}]},{"@type":"BreadcrumbList","@id":"https:\/\/www.zollas.de\/pl\/die-zollas-verzollungen-gmbh-feiert-ihr-30-jaehriges-jubilaeum\/#breadcrumb","itemListElement":[{"@type":"ListItem","position":1,"name":"Home","item":"https:\/\/www.zollas.de\/pl\/"},{"@type":"ListItem","position":2,"name":"Die Zollas Verzollungen GmbH feiert ihr 30-j\u00e4hriges Jubil\u00e4um"}]},{"@type":"WebSite","@id":"https:\/\/www.zollas.de\/pl\/#website","url":"https:\/\/www.zollas.de\/pl\/","name":"Zollas Verzollungen GmbH","description":"","potentialAction":[{"@type":"SearchAction","target":{"@type":"EntryPoint","urlTemplate":"https:\/\/www.zollas.de\/pl\/?s={search_term_string}"},"query-input":"required name=search_term_string"}],"inLanguage":"pl-PL"},{"@type":"Person","@id":"https:\/\/www.zollas.de\/pl\/#\/schema\/person\/9b4595c41bf7b388afce7952f5a28e7b","name":"Katharina"}]}},"_links":{"self":[{"href":"https:\/\/www.zollas.de\/pl\/wp-json\/wp\/v2\/posts\/493"}],"collection":[{"href":"https:\/\/www.zollas.de\/pl\/wp-json\/wp\/v2\/posts"}],"about":[{"href":"https:\/\/www.zollas.de\/pl\/wp-json\/wp\/v2\/types\/post"}],"author":[{"embeddable":true,"href":"https:\/\/www.zollas.de\/pl\/wp-json\/wp\/v2\/users\/1"}],"replies":[{"embeddable":true,"href":"https:\/\/www.zollas.de\/pl\/wp-json\/wp\/v2\/comments?post=493"}],"version-history":[{"count":1,"href":"https:\/\/www.zollas.de\/pl\/wp-json\/wp\/v2\/posts\/493\/revisions"}],"predecessor-version":[{"id":494,"href":"https:\/\/www.zollas.de\/pl\/wp-json\/wp\/v2\/posts\/493\/revisions\/494"}],"wp:attachment":[{"href":"https:\/\/www.zollas.de\/pl\/wp-json\/wp\/v2\/media?parent=493"}],"wp:term":[{"taxonomy":"category","embeddable":true,"href":"https:\/\/www.zollas.de\/pl\/wp-json\/wp\/v2\/categories?post=493"},{"taxonomy":"post_tag","embeddable":true,"href":"https:\/\/www.zollas.de\/pl\/wp-json\/wp\/v2\/tags?post=493"}],"curies":[{"name":"wp","href":"https:\/\/api.w.org\/{rel}","templated":true}]}}